{"id":1023,"date":"2024-10-31T17:08:53","date_gmt":"2024-10-31T17:08:53","guid":{"rendered":"https:\/\/www.cyou.cl\/?p=1023"},"modified":"2025-07-10T23:27:48","modified_gmt":"2025-07-10T23:27:48","slug":"dia-de-muertos-de-tequila-don-julio","status":"publish","type":"post","link":"https:\/\/www.cyou.cl\/?p=1023","title":{"rendered":"D\u00eda de Muertos de Tequila Don Julio"},"content":{"rendered":"\n[et_pb_section fb_built=&#8221;1&#8243; _builder_version=&#8221;4.27.2&#8243; _module_preset=&#8221;default&#8221; background_color=&#8221;RGBA(255,255,255,0)&#8221; width=&#8221;100%&#8221; max_width=&#8221;100%&#8221; module_alignment=&#8221;center&#8221; custom_margin=&#8221;0px||0px||true|false&#8221; custom_padding=&#8221;0px||0px||true|false&#8221; global_colors_info=&#8221;{}&#8221;][et_pb_row _builder_version=&#8221;4.27.4&#8243; _module_preset=&#8221;default&#8221; width=&#8221;90%&#8221; width_tablet=&#8221;95%&#8221; width_phone=&#8221;95%&#8221; width_last_edited=&#8221;on|phone&#8221; module_alignment=&#8221;center&#8221; custom_margin=&#8221;5px|auto||auto||&#8221; custom_padding=&#8221;1px||0px|||&#8221; hover_enabled=&#8221;0&#8243; border_radii=&#8221;on|5px|5px|5px|5px&#8221; global_colors_info=&#8221;{}&#8221; sticky_enabled=&#8221;0&#8243;][et_pb_column type=&#8221;4_4&#8243; _builder_version=&#8221;4.27.2&#8243; _module_preset=&#8221;default&#8221; global_colors_info=&#8221;{}&#8221;][et_pb_post_title date_format=&#8221;j M Y&#8221; comments=&#8221;off&#8221; featured_placement=&#8221;background&#8221; _builder_version=&#8221;4.27.2&#8243; _module_preset=&#8221;default&#8221; title_font=&#8221;Lufga|800|||||||&#8221; title_text_color=&#8221;#FFFFFF&#8221; title_font_size=&#8221;40px&#8221; meta_font=&#8221;Lufga||||||||&#8221; meta_text_color=&#8221;#FFFFFF&#8221; meta_font_size=&#8221;16px&#8221; background_enable_color=&#8221;off&#8221; use_background_color_gradient=&#8221;on&#8221; background_color_gradient_stops=&#8221;rgba(255,255,255,0) 0%|rgba(0,0,0,0.75) 100%&#8221; background_color_gradient_overlays_image=&#8221;on&#8221; background_image=&#8221;https:\/\/www.cyou.cl\/wp-content\/uploads\/2024\/10\/Group-1.jpg&#8221; custom_margin=&#8221;||||false|false&#8221; custom_padding=&#8221;||||false|false&#8221; border_radii=&#8221;on|5px|5px|5px|5px&#8221; border_color_all=&#8221;#e02b20&#8243; text_shadow_style=&#8221;preset3&#8243; global_colors_info=&#8221;{}&#8221;][\/et_pb_post_title][\/et_pb_column][\/et_pb_row][\/et_pb_section][et_pb_section fb_built=&#8221;1&#8243; _builder_version=&#8221;4.27.2&#8243; _module_preset=&#8221;default&#8221; background_color=&#8221;#FFFFFF&#8221; module_alignment=&#8221;center&#8221; collapsed=&#8221;off&#8221; global_colors_info=&#8221;{}&#8221;][et_pb_row make_equal=&#8221;on&#8221; _builder_version=&#8221;4.27.4&#8243; _module_preset=&#8221;default&#8221; width=&#8221;90%&#8221; width_tablet=&#8221;70%&#8221; width_phone=&#8221;80%&#8221; width_last_edited=&#8221;on|phone&#8221; module_alignment=&#8221;center&#8221; custom_padding=&#8221;|110px||110px|false|true&#8221; hover_enabled=&#8221;0&#8243; global_colors_info=&#8221;{}&#8221; sticky_enabled=&#8221;0&#8243;][et_pb_column type=&#8221;4_4&#8243; _builder_version=&#8221;4.27.2&#8243; _module_preset=&#8221;default&#8221; global_colors_info=&#8221;{}&#8221;][et_pb_text _builder_version=&#8221;4.27.2&#8243; _module_preset=&#8221;default&#8221; header_text_color=&#8221;#E02B20&#8243; header_2_font=&#8221;|600|||||||&#8221; header_2_text_color=&#8221;#000000&#8243; header_2_font_size=&#8221;20px&#8221; header_2_line_height=&#8221;1.2em&#8221; global_colors_info=&#8221;{}&#8221;]<h2 class=\"p1\"><b>Eternos: la gran fiesta de D\u00eda de Muertos de Tequila Don Julio<\/b><\/h2>[\/et_pb_text][et_pb_text _builder_version=&#8221;4.27.2&#8243; _module_preset=&#8221;default&#8221; text_font=&#8221;Open Sans|500|||||||&#8221; text_text_color=&#8221;#000000&#8243; text_font_size=&#8221;18px&#8221; text_line_height=&#8221;1.4em&#8221; header_2_text_color=&#8221;#FFFFFF&#8221; header_2_font_size=&#8221;28px&#8221; header_2_line_height=&#8221;1.5em&#8221; text_font_size_tablet=&#8221;16px&#8221; text_font_size_phone=&#8221;14px&#8221; text_font_size_last_edited=&#8221;on|tablet&#8221; global_colors_info=&#8221;{}&#8221;]<p class=\"p1\"><i>El destilado de moda celebr\u00f3 la previa de la ic\u00f3nica festividad mexicana junto a grandes rostros de la televisi\u00f3n y el deporte.<\/i><\/p>\n<p class=\"p1\">Tequila Don Julio celebr\u00f3 la previa del D\u00eda de los Muertos con una exclusiva fiesta en Teatro C, donde se reunieron figuras del deporte y la televisi\u00f3n. Los invitados participaron en el tradicional brindis con Don Julio 1942, mientras conoc\u00edan el significado profundo de esta festividad mexicana.<\/p>\n<p class=\"p1\">Bajo el lema <strong>&#8220;Eterno Por Amor&#8221;<\/strong>, el evento destac\u00f3 la conexi\u00f3n emocional que perdura con los seres querido que han partido. La celebraci\u00f3n, llamada <strong>&#8220;Eternos&#8221;<\/strong>, rindi\u00f3 homenaje a esta vibrante tradici\u00f3n.<\/p>\n<p class=\"p1\"><\/p>[\/et_pb_text][\/et_pb_column][\/et_pb_row][et_pb_row _builder_version=&#8221;4.27.4&#8243; _module_preset=&#8221;default&#8221; width=&#8221;90%&#8221; global_colors_info=&#8221;{}&#8221;][et_pb_column type=&#8221;4_4&#8243; _builder_version=&#8221;4.27.4&#8243; _module_preset=&#8221;default&#8221; global_colors_info=&#8221;{}&#8221;][dipi_masonry_gallery gallery_ids=&#8221;246399,246400,246401,246402,246403,246404,246405,246406,246407,246408,246409,246410,246411,246412,246413&#8243; gallery_orderby=&#8221;date_asc&#8221; title_in_lightbox=&#8221;on&#8221; caption_in_lightbox=&#8221;on&#8221; columns=&#8221;3&#8243; _builder_version=&#8221;4.27.4&#8243; _module_preset=&#8221;default&#8221; header_font=&#8221;Lufga||||||||&#8221; header_text_color=&#8221;#FFFFFF&#8221; header_font_size=&#8221;20px&#8221; border_radii_grid_item=&#8221;on|5px|5px|5px|5px&#8221; global_colors_info=&#8221;{}&#8221;][\/dipi_masonry_gallery][\/et_pb_column][\/et_pb_row][\/et_pb_section]\n","protected":false},"excerpt":{"rendered":"<p>El destilado de moda celebr\u00f3 la previa de la ic\u00f3nica festividad mexicana junto a grandes rostros de la televisi\u00f3n y el deporte.<\/p>\n","protected":false},"author":2,"featured_media":246403,"comment_status":"closed","ping_status":"closed","sticky":false,"template":"","format":"standard","meta":{"_et_pb_use_builder":"on","_et_pb_old_content":"","_et_gb_content_width":"1080","footnotes":""},"categories":[7],"tags":[],"dipi_cpt_category":[],"class_list":["post-1023","post","type-post","status-publish","format-standard","has-post-thumbnail","hentry","category-vida-social"],"_links":{"self":[{"href":"https:\/\/www.cyou.cl\/index.php?rest_route=\/wp\/v2\/posts\/1023","targetHints":{"allow":["GET"]}}],"collection":[{"href":"https:\/\/www.cyou.cl\/index.php?rest_route=\/wp\/v2\/posts"}],"about":[{"href":"https:\/\/www.cyou.cl\/index.php?rest_route=\/wp\/v2\/types\/post"}],"author":[{"embeddable":true,"href":"https:\/\/www.cyou.cl\/index.php?rest_route=\/wp\/v2\/users\/2"}],"replies":[{"embeddable":true,"href":"https:\/\/www.cyou.cl\/index.php?rest_route=%2Fwp%2Fv2%2Fcomments&post=1023"}],"version-history":[{"count":5,"href":"https:\/\/www.cyou.cl\/index.php?rest_route=\/wp\/v2\/posts\/1023\/revisions"}],"predecessor-version":[{"id":246421,"href":"https:\/\/www.cyou.cl\/index.php?rest_route=\/wp\/v2\/posts\/1023\/revisions\/246421"}],"wp:featuredmedia":[{"embeddable":true,"href":"https:\/\/www.cyou.cl\/index.php?rest_route=\/wp\/v2\/media\/246403"}],"wp:attachment":[{"href":"https:\/\/www.cyou.cl\/index.php?rest_route=%2Fwp%2Fv2%2Fmedia&parent=1023"}],"wp:term":[{"taxonomy":"category","embeddable":true,"href":"https:\/\/www.cyou.cl\/index.php?rest_route=%2Fwp%2Fv2%2Fcategories&post=1023"},{"taxonomy":"post_tag","embeddable":true,"href":"https:\/\/www.cyou.cl\/index.php?rest_route=%2Fwp%2Fv2%2Ftags&post=1023"},{"taxonomy":"dipi_cpt_category","embeddable":true,"href":"https:\/\/www.cyou.cl\/index.php?rest_route=%2Fwp%2Fv2%2Fdipi_cpt_category&post=1023"}],"curies":[{"name":"wp","href":"https:\/\/api.w.org\/{rel}","templated":true}]}}