{"id":1172,"date":"2024-11-13T11:23:35","date_gmt":"2024-11-13T11:23:35","guid":{"rendered":"https:\/\/www.cyou.cl\/?p=1172"},"modified":"2025-07-09T19:21:18","modified_gmt":"2025-07-09T19:21:18","slug":"corporacion-amigos-teatro-municipal","status":"publish","type":"post","link":"https:\/\/www.cyou.cl\/?p=1172","title":{"rendered":"Corporaci\u00f3n Amigos del Teatro Municipal"},"content":{"rendered":"<p>[et_pb_section fb_built=&#8221;1&#8243; _builder_version=&#8221;4.27.2&#8243; _module_preset=&#8221;default&#8221; background_color=&#8221;RGBA(255,255,255,0)&#8221; width=&#8221;100%&#8221; max_width=&#8221;100%&#8221; module_alignment=&#8221;center&#8221; custom_margin=&#8221;0px||0px||true|false&#8221; custom_padding=&#8221;0px||0px||true|false&#8221; global_colors_info=&#8221;{}&#8221;][et_pb_row _builder_version=&#8221;4.27.2&#8243; _module_preset=&#8221;default&#8221; width=&#8221;100%&#8221; width_tablet=&#8221;95%&#8221; width_phone=&#8221;95%&#8221; width_last_edited=&#8221;on|phone&#8221; module_alignment=&#8221;center&#8221; custom_margin=&#8221;5px|auto||auto||&#8221; custom_padding=&#8221;1px||0px|||&#8221; border_radii=&#8221;on|5px|5px|5px|5px&#8221; global_colors_info=&#8221;{}&#8221;][et_pb_column type=&#8221;4_4&#8243; _builder_version=&#8221;4.27.2&#8243; _module_preset=&#8221;default&#8221; global_colors_info=&#8221;{}&#8221;][et_pb_post_title date_format=&#8221;j M Y&#8221; comments=&#8221;off&#8221; featured_placement=&#8221;background&#8221; _builder_version=&#8221;4.27.4&#8243; _module_preset=&#8221;default&#8221; title_font=&#8221;Lufga|800|||||||&#8221; title_text_color=&#8221;#FFFFFF&#8221; title_font_size=&#8221;40px&#8221; meta_font=&#8221;Lufga||||||||&#8221; meta_text_color=&#8221;#FFFFFF&#8221; meta_font_size=&#8221;16px&#8221; background_enable_color=&#8221;off&#8221; use_background_color_gradient=&#8221;on&#8221; background_color_gradient_stops=&#8221;rgba(255,255,255,0) 0%|rgba(0,0,0,0.75) 100%&#8221; background_color_gradient_overlays_image=&#8221;on&#8221; background_image=&#8221;https:\/\/www.cyou.cl\/wp-content\/uploads\/2024\/10\/Group-1.jpg&#8221; custom_margin=&#8221;||||false|false&#8221; custom_padding=&#8221;||||false|false&#8221; hover_enabled=&#8221;0&#8243; border_radii=&#8221;on|5px|5px|5px|5px&#8221; border_color_all=&#8221;#e02b20&#8243; text_shadow_style=&#8221;preset3&#8243; global_colors_info=&#8221;{}&#8221; background_position=&#8221;top_center&#8221; sticky_enabled=&#8221;0&#8243;][\/et_pb_post_title][\/et_pb_column][\/et_pb_row][\/et_pb_section][et_pb_section fb_built=&#8221;1&#8243; _builder_version=&#8221;4.27.2&#8243; _module_preset=&#8221;default&#8221; background_color=&#8221;#FFFFFF&#8221; module_alignment=&#8221;center&#8221; collapsed=&#8221;off&#8221; global_colors_info=&#8221;{}&#8221;][et_pb_row make_equal=&#8221;on&#8221; _builder_version=&#8221;4.27.2&#8243; _module_preset=&#8221;default&#8221; width_tablet=&#8221;70%&#8221; width_phone=&#8221;80%&#8221; width_last_edited=&#8221;on|phone&#8221; module_alignment=&#8221;center&#8221; global_colors_info=&#8221;{}&#8221;][et_pb_column type=&#8221;4_4&#8243; _builder_version=&#8221;4.27.2&#8243; _module_preset=&#8221;default&#8221; global_colors_info=&#8221;{}&#8221;][et_pb_text _builder_version=&#8221;4.27.3&#8243; _module_preset=&#8221;default&#8221; header_text_color=&#8221;#E02B20&#8243; header_2_font=&#8221;|600|||||||&#8221; header_2_text_color=&#8221;#000000&#8243; header_2_font_size=&#8221;20px&#8221; header_2_line_height=&#8221;1.2em&#8221; global_colors_info=&#8221;{}&#8221;]<\/p>\n<h2 class=\"p1\">Con m\u00e1s de 2 mil becas los Amigos del Municipal cumplen 41 a\u00f1os<\/h2>\n<p>[\/et_pb_text][et_pb_text _builder_version=&#8221;4.27.3&#8243; _module_preset=&#8221;default&#8221; text_font=&#8221;Open Sans|500|||||||&#8221; text_text_color=&#8221;#000000&#8243; text_font_size=&#8221;18px&#8221; text_line_height=&#8221;1.4em&#8221; header_2_text_color=&#8221;#FFFFFF&#8221; header_2_font_size=&#8221;28px&#8221; header_2_line_height=&#8221;1.5em&#8221; text_font_size_tablet=&#8221;16px&#8221; text_font_size_phone=&#8221;14px&#8221; text_font_size_last_edited=&#8221;on|tablet&#8221; global_colors_info=&#8221;{}&#8221;]<\/p>\n<p class=\"p1\">Los Amigos del Teatro Municipal celebraron su 41\u00b0 aniversario con un concierto del Quinteto Stadler, destacando el clarinete di Bassetto, un instrumento creado por Mozart.<\/p>\n<p class=\"p1\">Durante el evento, se destac\u00f3 el logro de haber otorgado m\u00e1s de 2,000 becas a j\u00f3venes talentos. Mar\u00eda Eliana Simian, presidenta de la corporaci\u00f3n, subray\u00f3 la importancia de ampliar el apoyo de donantes para continuar promoviendo estos sue\u00f1os vocacionales.<\/p>\n<p>[\/et_pb_text][\/et_pb_column][\/et_pb_row][et_pb_row _builder_version=&#8221;4.27.2&#8243; _module_preset=&#8221;default&#8221; width=&#8221;100%&#8221; global_colors_info=&#8221;{}&#8221;][et_pb_column type=&#8221;4_4&#8243; _builder_version=&#8221;4.27.2&#8243; _module_preset=&#8221;default&#8221; global_colors_info=&#8221;{}&#8221;][dsm_masonry_gallery gallery_ids=&#8221;1192,1204,1203,1202,1201,1200,1199,1198,1197,1196,1195,1194,1193&#8243; use_overlay=&#8221;on&#8221; overlay_title=&#8221;off&#8221; overlay_description=&#8221;off&#8221; use_lightbox=&#8221;on&#8221; overlay_color=&#8221;rgba(224,43,32,0.45)&#8221; overlay_padding=&#8221;120px|20px|10px|20px|false|true&#8221; columns_tablet=&#8221;&#8221; columns_phone=&#8221;2&#8243; columns_last_edited=&#8221;on|tablet&#8221; overlay_padding_tablet=&#8221;60px|10px||10px|false|true&#8221; overlay_padding_phone=&#8221;50px|5px||5px|false|true&#8221; overlay_padding_last_edited=&#8221;on|desktop&#8221; _builder_version=&#8221;4.27.3&#8243; _module_preset=&#8221;default&#8221; image_title_font=&#8221;Lufga|500|||||||&#8221; image_caption_font=&#8221;Lufga|600|||||||&#8221; image_caption_line_height=&#8221;1em&#8221; image_title_font_size_tablet=&#8221;&#8221; image_title_font_size_phone=&#8221;10px&#8221; image_title_font_size_last_edited=&#8221;on|tablet&#8221; image_caption_font_size_tablet=&#8221;10px&#8221; image_caption_font_size_phone=&#8221;8px&#8221; image_caption_font_size_last_edited=&#8221;on|phone&#8221; border_radii_grid=&#8221;on|5px|5px|5px|5px&#8221; border_color_all_grid=&#8221;#e02b20&#8243; global_colors_info=&#8221;{}&#8221;][\/dsm_masonry_gallery][\/et_pb_column][\/et_pb_row][\/et_pb_section]<\/p>\n","protected":false},"excerpt":{"rendered":"<p>Los Amigos del Teatro Municipal celebraron su 41\u00b0 aniversario con un concierto del Quinteto Stadler.<\/p>\n","protected":false},"author":2,"featured_media":1195,"comment_status":"closed","ping_status":"closed","sticky":false,"template":"","format":"standard","meta":{"_et_pb_use_builder":"on","_et_pb_old_content":"","_et_gb_content_width":"1080","footnotes":""},"categories":[1],"tags":[],"dipi_cpt_category":[],"class_list":["post-1172","post","type-post","status-publish","format-standard","has-post-thumbnail","hentry","category-uncategorized"],"_links":{"self":[{"href":"https:\/\/www.cyou.cl\/index.php?rest_route=\/wp\/v2\/posts\/1172","targetHints":{"allow":["GET"]}}],"collection":[{"href":"https:\/\/www.cyou.cl\/index.php?rest_route=\/wp\/v2\/posts"}],"about":[{"href":"https:\/\/www.cyou.cl\/index.php?rest_route=\/wp\/v2\/types\/post"}],"author":[{"embeddable":true,"href":"https:\/\/www.cyou.cl\/index.php?rest_route=\/wp\/v2\/users\/2"}],"replies":[{"embeddable":true,"href":"https:\/\/www.cyou.cl\/index.php?rest_route=%2Fwp%2Fv2%2Fcomments&post=1172"}],"version-history":[{"count":1,"href":"https:\/\/www.cyou.cl\/index.php?rest_route=\/wp\/v2\/posts\/1172\/revisions"}],"predecessor-version":[{"id":245900,"href":"https:\/\/www.cyou.cl\/index.php?rest_route=\/wp\/v2\/posts\/1172\/revisions\/245900"}],"wp:attachment":[{"href":"https:\/\/www.cyou.cl\/index.php?rest_route=%2Fwp%2Fv2%2Fmedia&parent=1172"}],"wp:term":[{"taxonomy":"category","embeddable":true,"href":"https:\/\/www.cyou.cl\/index.php?rest_route=%2Fwp%2Fv2%2Fcategories&post=1172"},{"taxonomy":"post_tag","embeddable":true,"href":"https:\/\/www.cyou.cl\/index.php?rest_route=%2Fwp%2Fv2%2Ftags&post=1172"},{"taxonomy":"dipi_cpt_category","embeddable":true,"href":"https:\/\/www.cyou.cl\/index.php?rest_route=%2Fwp%2Fv2%2Fdipi_cpt_category&post=1172"}],"curies":[{"name":"wp","href":"https:\/\/api.w.org\/{rel}","templated":true}]}}