{"id":246683,"date":"2025-07-10T20:44:18","date_gmt":"2025-07-10T20:44:18","guid":{"rendered":"https:\/\/www.cyou.cl\/?p=246683"},"modified":"2025-07-10T20:47:06","modified_gmt":"2025-07-10T20:47:06","slug":"visita-reyes-en-chile","status":"publish","type":"post","link":"https:\/\/www.cyou.cl\/?p=246683","title":{"rendered":"Visita Reyes en Chile"},"content":{"rendered":"<p>[et_pb_section fb_built=&#8221;1&#8243; _builder_version=&#8221;4.27.2&#8243; _module_preset=&#8221;default&#8221; background_enable_color=&#8221;off&#8221; width=&#8221;100%&#8221; max_width=&#8221;100%&#8221; module_alignment=&#8221;center&#8221; custom_margin=&#8221;0px||0px||true|false&#8221; custom_padding=&#8221;0px||0px||true|false&#8221; global_colors_info=&#8221;{}&#8221;][et_pb_row _builder_version=&#8221;4.27.2&#8243; _module_preset=&#8221;default&#8221; width=&#8221;100%&#8221; width_tablet=&#8221;95%&#8221; width_phone=&#8221;95%&#8221; width_last_edited=&#8221;on|phone&#8221; custom_margin=&#8221;5px|auto||auto||&#8221; custom_padding=&#8221;1px||0px|||&#8221; global_colors_info=&#8221;{}&#8221;][et_pb_column type=&#8221;4_4&#8243; _builder_version=&#8221;4.27.2&#8243; _module_preset=&#8221;default&#8221; global_colors_info=&#8221;{}&#8221;][et_pb_post_title date_format=&#8221;j M Y&#8221; comments=&#8221;off&#8221; featured_placement=&#8221;background&#8221; _builder_version=&#8221;4.27.4&#8243; _module_preset=&#8221;default&#8221; title_font=&#8221;Lufga|800|||||||&#8221; title_text_color=&#8221;#FFFFFF&#8221; title_font_size=&#8221;40px&#8221; meta_font=&#8221;Lufga||||||||&#8221; meta_text_color=&#8221;#FFFFFF&#8221; meta_font_size=&#8221;16px&#8221; background_color=&#8221;rgba(255,255,255,0.11)&#8221; use_background_color_gradient=&#8221;on&#8221; background_color_gradient_stops=&#8221;rgba(255,255,255,0) 0%|rgba(0,0,0,0.75) 100%&#8221; background_color_gradient_overlays_image=&#8221;on&#8221; custom_margin=&#8221;||||false|false&#8221; custom_padding=&#8221;||||false|false&#8221; border_radii=&#8221;on|5px|5px|5px|5px&#8221; border_color_all=&#8221;#e02b20&#8243; text_shadow_style=&#8221;preset3&#8243; global_colors_info=&#8221;{}&#8221;][\/et_pb_post_title][\/et_pb_column][\/et_pb_row][\/et_pb_section][et_pb_section fb_built=&#8221;1&#8243; _builder_version=&#8221;4.27.2&#8243; _module_preset=&#8221;default&#8221; background_color=&#8221;#FFFFFF&#8221; collapsed=&#8221;off&#8221; global_colors_info=&#8221;{}&#8221;][et_pb_row make_equal=&#8221;on&#8221; _builder_version=&#8221;4.27.2&#8243; _module_preset=&#8221;default&#8221; width_tablet=&#8221;70%&#8221; width_phone=&#8221;80%&#8221; width_last_edited=&#8221;on|phone&#8221; module_alignment=&#8221;center&#8221; global_colors_info=&#8221;{}&#8221;][et_pb_column type=&#8221;4_4&#8243; _builder_version=&#8221;4.27.2&#8243; _module_preset=&#8221;default&#8221; global_colors_info=&#8221;{}&#8221;][et_pb_text _builder_version=&#8221;4.27.4&#8243; _module_preset=&#8221;default&#8221; header_text_color=&#8221;#E02B20&#8243; header_2_font=&#8221;|600|||||||&#8221; header_2_text_color=&#8221;#000000&#8243; header_2_font_size=&#8221;20px&#8221; header_2_line_height=&#8221;1.2em&#8221; hover_enabled=&#8221;0&#8243; global_colors_info=&#8221;{}&#8221; sticky_enabled=&#8221;0&#8243;]<\/p>\n<h2 class=\"p1\">Visita de los Reyes de los Pa\u00edses Bajos a Chile<\/h2>\n<p>[\/et_pb_text][et_pb_text _builder_version=&#8221;4.27.4&#8243; _module_preset=&#8221;default&#8221; text_font=&#8221;Open Sans|500|||||||&#8221; text_text_color=&#8221;#000000&#8243; text_font_size=&#8221;18px&#8221; text_line_height=&#8221;1.4em&#8221; header_2_text_color=&#8221;#FFFFFF&#8221; header_2_font_size=&#8221;28px&#8221; header_2_line_height=&#8221;1.5em&#8221; hover_enabled=&#8221;0&#8243; text_font_size_tablet=&#8221;16px&#8221; text_font_size_phone=&#8221;14px&#8221; text_font_size_last_edited=&#8221;on|tablet&#8221; global_colors_info=&#8221;{}&#8221; sticky_enabled=&#8221;0&#8243;]<\/p>\n<p data-start=\"194\" data-end=\"471\">Los Reyes de los Pa\u00edses Bajos, el Rey Guillermo Alejandro y la Reina M\u00e1xima, realizaron una visita oficial a Chile con el objetivo de fortalecer los lazos bilaterales entre ambos pa\u00edses, promover la cooperaci\u00f3n en \u00e1reas clave y estrechar los v\u00ednculos culturales y econ\u00f3micos.<\/p>\n<p data-start=\"473\" data-end=\"807\">Durante su estad\u00eda, los monarcas fueron recibidos por el Presidente de la Rep\u00fablica en el Palacio de La Moneda, donde se llev\u00f3 a cabo una ceremonia oficial con honores militares y una reuni\u00f3n para abordar temas de inter\u00e9s com\u00fan, como el cambio clim\u00e1tico, el comercio sostenible, la innovaci\u00f3n tecnol\u00f3gica y la transici\u00f3n energ\u00e9tica.<\/p>\n<p data-start=\"809\" data-end=\"1116\">La Reina M\u00e1xima, nacida en Argentina y con fuerte conexi\u00f3n con Am\u00e9rica Latina, tambi\u00e9n particip\u00f3 en encuentros relacionados con inclusi\u00f3n financiera, emprendimiento femenino y desarrollo social, temas en los que ha trabajado activamente como Asesora Especial del Secretario General de las Naciones Unidas.<\/p>\n<p data-start=\"1118\" data-end=\"1506\">Adem\u00e1s, los Reyes visitaron proyectos emblem\u00e1ticos en Santiago y otras regiones del pa\u00eds, relacionados con energ\u00edas renovables, gesti\u00f3n del agua, agricultura sostenible y educaci\u00f3n. La visita incluy\u00f3 tambi\u00e9n un encuentro con la comunidad neerlandesa residente en Chile y actividades culturales para resaltar los lazos hist\u00f3ricos y las oportunidades de colaboraci\u00f3n entre ambas naciones.<\/p>\n<p data-start=\"1508\" data-end=\"1694\">Este viaje reafirm\u00f3 la amistad entre Chile y los Pa\u00edses Bajos, y abri\u00f3 nuevas posibilidades para seguir colaborando en desaf\u00edos globales y en el desarrollo sostenible de ambos pueblos.<\/p>\n<p>[\/et_pb_text][\/et_pb_column][\/et_pb_row][et_pb_row _builder_version=&#8221;4.27.2&#8243; _module_preset=&#8221;default&#8221; width=&#8221;100%&#8221; global_colors_info=&#8221;{}&#8221;][et_pb_column type=&#8221;4_4&#8243; _builder_version=&#8221;4.27.2&#8243; _module_preset=&#8221;default&#8221; global_colors_info=&#8221;{}&#8221;][dipi_masonry_gallery gallery_ids=&#8221;246197,246252,246251,246250,246249,246248,246247,246244,246243,246242,246241,246240,246239,246238,246237,246236,246235,246234,246233,246232,246231,246230,246229,246228,246227,246225,246224,246223,246222,246221,246220,246219,246218,246217,246216,246215,246214,246213,246212,246211,246210,246209,246208,246207,246206,246205,246204,246203,246202,246201,246200,246199,246268,246269,246270&#8243; gallery_orderby=&#8221;date_asc&#8221; columns=&#8221;3&#8243; _builder_version=&#8221;4.27.4&#8243; _module_preset=&#8221;default&#8221; header_font=&#8221;Lufga||||||||&#8221; header_text_color=&#8221;#FFFFFF&#8221; header_font_size=&#8221;20px&#8221; hover_enabled=&#8221;0&#8243; border_radii_grid_item=&#8221;on|5px|5px|5px|5px&#8221; global_colors_info=&#8221;{}&#8221; sticky_enabled=&#8221;0&#8243;][\/dipi_masonry_gallery][\/et_pb_column][\/et_pb_row][\/et_pb_section]<\/p>\n","protected":false},"excerpt":{"rendered":"<p>Zanzibar cumpli\u00f3 25 a\u00f1os y festejo con sus mejores amigos en su famoso Rooftop. <\/p>\n","protected":false},"author":1,"featured_media":246235,"comment_status":"closed","ping_status":"closed","sticky":false,"template":"","format":"standard","meta":{"_et_pb_use_builder":"on","_et_pb_old_content":"","_et_gb_content_width":"1080","footnotes":""},"categories":[7],"tags":[],"dipi_cpt_category":[],"class_list":["post-246683","post","type-post","status-publish","format-standard","has-post-thumbnail","hentry","category-vida-social"],"_links":{"self":[{"href":"https:\/\/www.cyou.cl\/index.php?rest_route=\/wp\/v2\/posts\/246683","targetHints":{"allow":["GET"]}}],"collection":[{"href":"https:\/\/www.cyou.cl\/index.php?rest_route=\/wp\/v2\/posts"}],"about":[{"href":"https:\/\/www.cyou.cl\/index.php?rest_route=\/wp\/v2\/types\/post"}],"author":[{"embeddable":true,"href":"https:\/\/www.cyou.cl\/index.php?rest_route=\/wp\/v2\/users\/1"}],"replies":[{"embeddable":true,"href":"https:\/\/www.cyou.cl\/index.php?rest_route=%2Fwp%2Fv2%2Fcomments&post=246683"}],"version-history":[{"count":2,"href":"https:\/\/www.cyou.cl\/index.php?rest_route=\/wp\/v2\/posts\/246683\/revisions"}],"predecessor-version":[{"id":246685,"href":"https:\/\/www.cyou.cl\/index.php?rest_route=\/wp\/v2\/posts\/246683\/revisions\/246685"}],"wp:featuredmedia":[{"embeddable":true,"href":"https:\/\/www.cyou.cl\/index.php?rest_route=\/wp\/v2\/media\/246235"}],"wp:attachment":[{"href":"https:\/\/www.cyou.cl\/index.php?rest_route=%2Fwp%2Fv2%2Fmedia&parent=246683"}],"wp:term":[{"taxonomy":"category","embeddable":true,"href":"https:\/\/www.cyou.cl\/index.php?rest_route=%2Fwp%2Fv2%2Fcategories&post=246683"},{"taxonomy":"post_tag","embeddable":true,"href":"https:\/\/www.cyou.cl\/index.php?rest_route=%2Fwp%2Fv2%2Ftags&post=246683"},{"taxonomy":"dipi_cpt_category","embeddable":true,"href":"https:\/\/www.cyou.cl\/index.php?rest_route=%2Fwp%2Fv2%2Fdipi_cpt_category&post=246683"}],"curies":[{"name":"wp","href":"https:\/\/api.w.org\/{rel}","templated":true}]}}